{"id":570,"date":"2021-03-26T15:08:42","date_gmt":"2021-03-26T14:08:42","guid":{"rendered":"http:\/\/o-m-m.org\/?p=570"},"modified":"2021-05-18T15:08:42","modified_gmt":"2021-05-18T13:08:42","slug":"les-rapports-nationaux","status":"publish","type":"post","link":"https:\/\/o-m-m.org\/index.php\/2021\/03\/26\/les-rapports-nationaux\/","title":{"rendered":"Les rapports nationaux"},"content":{"rendered":"<p>Quatre <b>rapports nationaux<\/b> (r\u00e9dig\u00e9s par les responsables locaux du projet) ont aussi \u00e9t\u00e9 publi\u00e9s. Ces publications proposent un regard plus approfondi sur les diff\u00e9rents contextes \u00e9tudi\u00e9s en pr\u00e9cisant les particularit\u00e9s du traitement juridique aux \u00e9chelles nationales, r\u00e9gionales ou locales\u00a0; le d\u00e9roulement d\u00e9taill\u00e9 des actions de terrain\u00a0; et enfin l\u2019analyse des r\u00e9sultats obtenus dans chaque territoire.<\/p>\n<ul>\n<li>Rapport France en fran\u00e7ais:\u00a0MINEURS \u00c9TRANGERS NON ACCOMPAGN\u00c9S SANS PROTECTION EN EUROPE \u2013 RECHERCHE CONDUITE EN FRANCE DANS LE CADRE DU PROJET PUCAFREU<\/li>\n<\/ul>\n<p><strong><a href=\"https:\/\/o-m-m.org\/wp-content\/uploads\/2021\/03\/PUCAFREU-Rapport-France-version-Impression.pdf\">PUCAFREU rapport France FR<\/a><\/strong><\/p>\n<ul>\n<li>Belgium report in French\/ Rapport Belgique en fran\u00e7ais:\u00a0MINEURS \u00c9TRANGERS NON ACCOMPAGN\u00c9S SANS PROTECTION EN EUROPE \u2013 RECHERCHE CONDUITE EN BELGIQUE DANS LE CADRE DU PROJET PUCAFREU<\/li>\n<\/ul>\n<p><strong><a href=\"https:\/\/o-m-m.org\/wp-content\/uploads\/2021\/03\/Rapport-Belgique-VF-def.pdf\">PUCAFREU rapport Belgique FR<\/a><\/strong><\/p>\n<ul>\n<li>Belgium report in Dutch\/ Rapport Belgique en n\u00e9erlandais:\u00a0NIET-BEGELEIDE MINDERJARIGE VREEMDELINGEN ZONDER BESCHERMING IN EUROPA \u2013 ONDERZOEK IN BELGI\u00cb IN HET KADER VAN HET PUCAFREU PROJECT<\/li>\n<\/ul>\n<p><strong><a href=\"https:\/\/o-m-m.org\/wp-content\/uploads\/2021\/03\/Rapport-BE-NL-def.pdf\">PUCAFREU Belgisch rapport NL<\/a><\/strong><\/p>\n<ul>\n<li>Italian report in Italian\/ Rapport Italie en Italien:\u00a0MINORI STRANIERI NON ACCOMPAGNATI PRIVI DI PROTEZIONE \u2013 RICERCA CONDOTTA A TORINO NELL\u2019AMBITO DEL PROGETTO PUCAFREU<\/li>\n<\/ul>\n<p><strong><a href=\"https:\/\/o-m-m.org\/wp-content\/uploads\/2021\/03\/Rapporto-PUCAFREU-Italia-definitivo.pdf\">PUCAFREU rapporto Italia IT<\/a><\/strong><\/p>\n<ul>\n<li>Resumen del informe comparativo e informe nacional Espa\u00f1a:\u00a0MENORES EXTRANJEROS NO ACOMPA\u00d1ADOS Y SIN PROTECCI\u00d3N EN EUROPA \u2013 PROYECTO PUCAFREU \u2013 RESUMEN DEL INFORME COMPARATIVO E INFORME DE LA INVESTIGACI\u00d3N EN ESPA\u00d1A<\/li>\n<\/ul>\n<p><strong><a href=\"https:\/\/o-m-m.org\/wp-content\/uploads\/2021\/03\/PUCAFREU-informe-comparado-y-nacional-ES-version-impresio\u0301n1.pdf\">PUCAFREU informe comparado y nacional ES<\/a><\/strong><\/p>\n","protected":false},"excerpt":{"rendered":"<p>Quatre rapports nationaux (r\u00e9dig\u00e9s par les responsables locaux du projet) ont aussi \u00e9t\u00e9 publi\u00e9s. Ces publications proposent un regard plus approfondi sur les diff\u00e9rents contextes \u00e9tudi\u00e9s en pr\u00e9cisant les particularit\u00e9s du traitement juridique aux \u00e9chelles nationales, r\u00e9gionales ou locales\u00a0; le d\u00e9roulement d\u00e9taill\u00e9 des actions de terrain\u00a0; et enfin l\u2019analyse des &hellip;<\/p>\n","protected":false},"author":2,"featured_media":0,"comment_status":"closed","ping_status":"closed","sticky":false,"template":"","format":"standard","meta":{"footnotes":""},"categories":[7],"tags":[18],"class_list":["post-570","post","type-post","status-publish","format-standard","hentry","category-projet-pucrafeu","tag-ne-pas-modifier"],"_links":{"self":[{"href":"https:\/\/o-m-m.org\/index.php\/wp-json\/wp\/v2\/posts\/570","targetHints":{"allow":["GET"]}}],"collection":[{"href":"https:\/\/o-m-m.org\/index.php\/wp-json\/wp\/v2\/posts"}],"about":[{"href":"https:\/\/o-m-m.org\/index.php\/wp-json\/wp\/v2\/types\/post"}],"author":[{"embeddable":true,"href":"https:\/\/o-m-m.org\/index.php\/wp-json\/wp\/v2\/users\/2"}],"replies":[{"embeddable":true,"href":"https:\/\/o-m-m.org\/index.php\/wp-json\/wp\/v2\/comments?post=570"}],"version-history":[{"count":5,"href":"https:\/\/o-m-m.org\/index.php\/wp-json\/wp\/v2\/posts\/570\/revisions"}],"predecessor-version":[{"id":589,"href":"https:\/\/o-m-m.org\/index.php\/wp-json\/wp\/v2\/posts\/570\/revisions\/589"}],"wp:attachment":[{"href":"https:\/\/o-m-m.org\/index.php\/wp-json\/wp\/v2\/media?parent=570"}],"wp:term":[{"taxonomy":"category","embeddable":true,"href":"https:\/\/o-m-m.org\/index.php\/wp-json\/wp\/v2\/categories?post=570"},{"taxonomy":"post_tag","embeddable":true,"href":"https:\/\/o-m-m.org\/index.php\/wp-json\/wp\/v2\/tags?post=570"}],"curies":[{"name":"wp","href":"https:\/\/api.w.org\/{rel}","templated":true}]}}