{"id":542,"date":"2021-03-26T15:12:35","date_gmt":"2021-03-26T14:12:35","guid":{"rendered":"http:\/\/o-m-m.org\/?p=542"},"modified":"2021-05-18T15:08:16","modified_gmt":"2021-05-18T13:08:16","slug":"pucrafeu","status":"publish","type":"post","link":"https:\/\/o-m-m.org\/index.php\/2021\/03\/26\/pucrafeu\/","title":{"rendered":"Projet PUCAFREU 2011-2013"},"content":{"rendered":"<h2>Recherche Pucafreu<\/h2>\n<p>MIGRINTER (CNRS) a \u00e9t\u00e9 l\u2019institution coordinatrice du projet PUCAFREU, sigles en langue anglaise de \u00ab&nbsp;<em>Promouvoir &nbsp;l\u2019acc\u00e8s &nbsp;aux &nbsp;droits &nbsp;fondamentaux &nbsp;des &nbsp;mineurs \u00e9trangers non accompagn\u00e9s sans protection dans l\u2019Union europ\u00e9enne<\/em>&nbsp;\u00bb, qui s\u2019est appuy\u00e9 sur un r\u00e9seau de cinq organisations partenaires dans les Etats membres qui constituaient &nbsp;le &nbsp;contexte &nbsp;g\u00e9ographique du &nbsp;projet : Hors-la-rue (France), Service Droit de Jeunes (Belgique), Fondation La Merced Migraciones (Espagne), ASGI- Associazioni per gli studi giuridici sull\u2019immigrazione (Italie) et la Fondation PARADA (Roumanie). L\u2019Universit\u00e9 italienne Roma Sapienza a \u00e9galement apport\u00e9 son expertise en tant que partenaire associ\u00e9 au projet.<\/p>\n<p>L\u2019<strong>objectif principal<\/strong> du projet a \u00e9t\u00e9 d\u2019analyser les causes qui entravent l\u2019acc\u00e8s des mineurs non accompagn\u00e9s sans protection aux droits fondamentaux garantis par la l\u00e9gislation internationale et de promouvoir un meilleur acc\u00e8s de cette population \u00e0 ces droits.<\/p>\n<p>L\u2019absence g\u00e9n\u00e9ralis\u00e9e de donn\u00e9es et recherches documentant les conditions de vie des mineurs migrants non pris en charge par les services de protection de l\u2019enfance a justifi\u00e9 la pertinence de mener une recherche qualitative dans cinq pays, la Belgique, l\u2019Espagne, la France et l\u2019Italie en tant que pays de destination ou de transit, et la Roumanie en tant que pays de d\u00e9part de ce type de migration. L\u2019originalit\u00e9 de cette contribution a \u00e9t\u00e9 d\u2019explorer la perception des enfants et jeunes rencontr\u00e9s, en recueillant leurs t\u00e9moignages sur leur propre situation de vie mais aussi sur leur exp\u00e9rience des syst\u00e8mes de protection auxquels ils avaient parfois pu acc\u00e9der.<\/p>\n<p>La recherche comprenait tout d\u2019abord une analyse th\u00e9orique sur des questions juridiques, essentiellement sur l\u2019interpr\u00e9tation et l\u2019application ad\u00e9quate du contenu de la Convention des Nations Unies relative aux droits de l\u2019enfant \u00e0 la situation des mineurs non accompagn\u00e9s qui vivent sur le territoire d\u2019un \u00c9tat membre de l\u2019UE.<\/p>\n<p>\u00c0 l\u2019issue de la construction d\u2019une <strong>m\u00e9thodologie<\/strong> commune, une recherche de terrain a \u00e9t\u00e9 men\u00e9e simultan\u00e9ment dans les cinq Etats qui constituaient le champ d\u2019application du projet entre l\u2019automne 2011 et l\u2019\u00e9t\u00e9 2012. Cette recherche de terrain visait \u00e0 explorer les conditions de vie et les activit\u00e9s des mineurs non accompagn\u00e9s sans protection dans chaque territoire, les \u00e9ventuelles difficult\u00e9s qu\u2019ils rencontraient pour faire valoir leurs droits fondamentaux ainsi que les raisons expliquant leur manque &nbsp;de &nbsp;protection.<\/p>\n<p>Les r\u00e9sultats des diff\u00e9rentes enqu\u00eates men\u00e9es ont montr\u00e9 une h\u00e9t\u00e9rog\u00e9n\u00e9it\u00e9 qui tient principalement aux diff\u00e9rentes modalit\u00e9s de traitement et de prise en charge de cette population, aux profils vari\u00e9s des mineurs et aux r\u00e9alit\u00e9s sp\u00e9cifiques rencontr\u00e9es dans chaque contexte. N\u00e9anmoins, il a pu \u00eatre constat\u00e9 l\u2019existence g\u00e9n\u00e9ralis\u00e9e de pratiques institutionnelles et traitements inad\u00e9quats provoquant une exclusion des mineurs migrants des services de protection institutionnels, et ce, en contradiction avec les postulats du droit international.<\/p>\n","protected":false},"excerpt":{"rendered":"<p>Recherche Pucafreu MIGRINTER (CNRS) a \u00e9t\u00e9 l\u2019institution coordinatrice du projet PUCAFREU, sigles en langue anglaise de \u00ab&nbsp;Promouvoir &nbsp;l\u2019acc\u00e8s &nbsp;aux &nbsp;droits &nbsp;fondamentaux &nbsp;des &nbsp;mineurs \u00e9trangers non accompagn\u00e9s sans protection dans l\u2019Union europ\u00e9enne&nbsp;\u00bb, qui s\u2019est appuy\u00e9 sur un r\u00e9seau de cinq organisations partenaires dans les Etats membres qui constituaient &nbsp;le &nbsp;contexte &nbsp;g\u00e9ographique &hellip;<\/p>\n","protected":false},"author":2,"featured_media":0,"comment_status":"closed","ping_status":"closed","sticky":false,"template":"","format":"aside","meta":{"footnotes":""},"categories":[7],"tags":[18],"class_list":["post-542","post","type-post","status-publish","format-aside","hentry","category-projet-pucrafeu","tag-ne-pas-modifier","post_format-post-format-aside"],"_links":{"self":[{"href":"https:\/\/o-m-m.org\/index.php\/wp-json\/wp\/v2\/posts\/542","targetHints":{"allow":["GET"]}}],"collection":[{"href":"https:\/\/o-m-m.org\/index.php\/wp-json\/wp\/v2\/posts"}],"about":[{"href":"https:\/\/o-m-m.org\/index.php\/wp-json\/wp\/v2\/types\/post"}],"author":[{"embeddable":true,"href":"https:\/\/o-m-m.org\/index.php\/wp-json\/wp\/v2\/users\/2"}],"replies":[{"embeddable":true,"href":"https:\/\/o-m-m.org\/index.php\/wp-json\/wp\/v2\/comments?post=542"}],"version-history":[{"count":9,"href":"https:\/\/o-m-m.org\/index.php\/wp-json\/wp\/v2\/posts\/542\/revisions"}],"predecessor-version":[{"id":588,"href":"https:\/\/o-m-m.org\/index.php\/wp-json\/wp\/v2\/posts\/542\/revisions\/588"}],"wp:attachment":[{"href":"https:\/\/o-m-m.org\/index.php\/wp-json\/wp\/v2\/media?parent=542"}],"wp:term":[{"taxonomy":"category","embeddable":true,"href":"https:\/\/o-m-m.org\/index.php\/wp-json\/wp\/v2\/categories?post=542"},{"taxonomy":"post_tag","embeddable":true,"href":"https:\/\/o-m-m.org\/index.php\/wp-json\/wp\/v2\/tags?post=542"}],"curies":[{"name":"wp","href":"https:\/\/api.w.org\/{rel}","templated":true}]}}