{"id":2537,"date":"2026-01-28T10:16:26","date_gmt":"2026-01-28T09:16:26","guid":{"rendered":"https:\/\/o-m-m.org\/?p=2537"},"modified":"2026-01-30T15:39:53","modified_gmt":"2026-01-30T14:39:53","slug":"presentation-revue-jmm","status":"publish","type":"post","link":"https:\/\/o-m-m.org\/index.php\/2026\/01\/28\/presentation-revue-jmm\/","title":{"rendered":"Pr\u00e9sentation revue JMM"},"content":{"rendered":"\n<h2 class=\"wp-block-heading has-text-align-center\"><strong>Jeunes et Mineurs en Mobilit\u00e9<\/strong><\/h2>\n\n\n\n<h2 class=\"wp-block-heading has-text-align-center\"><strong>J\u00f3venes y Menores en Movilidad<\/strong><\/h2>\n\n\n\n<h2 class=\"wp-block-heading has-text-align-center\"><strong>Young people and Children on the Move<\/strong><\/h2>\n\n\n\n<figure class=\"wp-block-image size-full\"><img decoding=\"async\" src=\"https:\/\/o-m-m.org\/wp-content\/uploads\/2026\/01\/LOGO-prop-4-1.jpg\" alt=\"\" class=\"wp-image-2533\"\/><\/figure>\n\n\n\n<p>Revue \u00e9lectronique en acc\u00e8s libre \u00e9dit\u00e9e par l\u2018Observatoire de la Migration des Mineurs<\/p>\n\n\n\n<p>Laboratoire MIGRINTER- Universit\u00e9 de Poitiers- CNRS<\/p>\n\n\n\n<p>MSHS \u2013 B\u00e2timent A5 \u2013 5, rue Th\u00e9odore Lefebvre TSA 21103-<\/p>\n\n\n\n<p>F-86073 Poitiers Cedex 9<\/p>\n\n\n\n<p>Contact&nbsp;: T\u00e9l : +33 5 49 36 62 20<\/p>\n\n\n\n<p>daniel.senovilla@univ-poitiers.fr<\/p>\n\n\n\n<p><strong>Directrice de la publication<\/strong><\/p>\n\n\n\n<p>Virginie Laval, Pr\u00e9sidente de l\u2019Universit\u00e9 de Poitiers<\/p>\n\n\n\n<p><strong>R\u00e9dacteur en chef<\/strong><\/p>\n\n\n\n<p>Daniel Senovilla Hern\u00e1ndez, IR CNRS, Migrinter<\/p>\n\n\n\n<p><strong>Comit\u00e9 de r\u00e9daction<\/strong><\/p>\n\n\n\n<p>William Berthomi\u00e8re, DR CNRS, Passages<\/p>\n\n\n\n<p>Audrey Brosset, Responsable P\u00f4le \u00e9ditorial MSHS<\/p>\n\n\n\n<p>Jean-Pierre Deschamps, Magistrat<\/p>\n\n\n\n<p>Gilles Dubus. Documentaliste, Migrinter<\/p>\n\n\n\n<p>Chabier Gimeno Monterde, Professeur en Sociologie et travail social, universit\u00e9 de Saragosse<\/p>\n\n\n\n<p>Philippe Lagrange, Professeur en Droit, Universit\u00e9 de Poitiers<\/p>\n\n\n\n<p>Guillaume Lardanchet, Directeur de Hors la Rue<\/p>\n\n\n\n<p>Jean Fran\u00e7ois Martini, juriste, GISTI<\/p>\n\n\n\n<p>Lluis Peris Cancio, chercheur, Universita Sapienza Roma<\/p>\n\n\n\n<p>Olivier Peyroux, Sociologue, Trajectoires<\/p>\n\n\n\n<p>Sarah Przybyl, Docteur en G\u00e9ographie, Migrinter<\/p>\n\n\n\n<p>Marie-Fran\u00e7oise Valette, Enseignante chercheur en Droit, Universit\u00e9 de Poitiers<\/p>\n\n\n\n<p>Alexandra Vie, Docteure en Sociologie, HC-ECRAC<\/p>\n\n\n\n<p><strong>ISSN format \u00e9lectronique<\/strong> : 2492-5349<\/p>\n\n\n\n<p><strong>P\u00e9riodicit\u00e9 :<\/strong> annuelle<\/p>\n\n\n\n<p><strong>Ann\u00e9e de cr\u00e9ation :<\/strong> 2015<\/p>\n\n\n\n<h3 class=\"wp-block-heading has-large-font-size\"><strong>Pr\u00e9sentation de la revue JMM- Jeunes et Mineurs en Mobilit\u00e9<\/strong><\/h3>\n\n\n\n<p>Le laboratoire MIGRINTER- UMR 7301 Universit\u00e9 de Poitiers et CNRS- est devenu depuis quelques ann\u00e9es un p\u00f4le de r\u00e9f\u00e9rence europ\u00e9en dans l\u2019\u00e9tude du ph\u00e9nom\u00e8ne de la migration ind\u00e9pendante de mineurs et jeunes, notamment suite \u00e0 l\u2019organisation de deux colloques internationaux (octobre 2007 et octobre 2012), et \u00e0 la coordination et\/ou participation \u00e0 diff\u00e9rents programmes de recherche nationaux et internationaux (PUCAFREU, MINAS, REMIV, Migration Positive, ADIMENA, MEM).<\/p>\n\n\n\n<p>En janvier 2014, le lancement d&rsquo;un Observatoire sur la Migration des Mineurs (OMM) se situe dans l\u2019optique d\u2019une consolidation et d\u2019une \u00e9volution de la connaissance sur ce sujet. Trois axes de travail sont d\u00e9velopp\u00e9s : (1) la r\u00e9alisation d\u2019actions de recherche, de valorisation et de diffusion des recherches existantes sur le th\u00e8me de la migration des mineurs ; (2) la mise en \u0153uvre d&rsquo;actions de formation et sensibilisation de professionnels ou du grand public travaillant au contact direct ou indirect de cette population ; (3) l\u2019animation d&rsquo;un r\u00e9seau d&rsquo;experts \u00e0 l&rsquo;\u00e9chelle europ\u00e9enne.&nbsp;<\/p>\n\n\n\n<p>Cr\u00e9\u00e9e en 2015, avec une p\u00e9riodicit\u00e9 annuelle, <em>Jeunes et Mineurs en Mobilit\u00e9<\/em> (JMM) est une revue accessible gratuitement et sans d\u00e9lai. Elle est \u00e9dit\u00e9e par l\u2019Universit\u00e9 de Poitiers (France) et est h\u00e9berg\u00e9e sur le site de l\u2019OMM&nbsp;: <a href=\"https:\/\/o-m-m.org\/index.php\/category\/jmm\/\">https:\/\/o-m-m.org\/index.php\/category\/jmm\/<\/a><\/p>\n\n\n\n<p>JMM est une revue acad\u00e9mique qui souhaite cr\u00e9er des synergies entre le monde de la recherche scientifique, le monde professionnel et le grand public. . Qui plus est, l\u2019\u00e9quipe de r\u00e9daction veille \u00e0 impliquer les jeunes migrants eux-m\u00eames dans l\u2019\u00e9laboration des contenus de la revue. Dans la lign\u00e9e de nos recherches pass\u00e9es et en cours, la parole (et autres moyens d\u2019expression) des jeunes et des mineurs migrants occupent une place privil\u00e9gi\u00e9e au sein de cette revue (num\u00e9ros 5 et 7 consacr\u00e9es aux r\u00e9cits migratoires et textes de jeunes migrants).<\/p>\n\n\n\n<h2 class=\"wp-block-heading has-large-font-size\"><strong>Dossiers th\u00e9matiques<\/strong><\/h2>\n\n\n\n<p>Chaque num\u00e9ro est coordonn\u00e9 par une ou plusieurs personnes soit par proposition \u00e0 l\u2019\u00e9quipe de r\u00e9daction \u00e0 partir d\u2019un document pr\u00e9sentant le contenu et l&rsquo;int\u00e9r\u00eat du dossier soit, en occasions, sous forme d\u2019invitation \u00e0 des coll\u00e8gues dont les travaux sont particuli\u00e8rement pertinents en lien avec la th\u00e9matique du dossier retenu.<\/p>\n\n\n\n<p>Apr\u00e8s validation du projet de dossier et r\u00e9ception de la premi\u00e8re version des articles, l\u2019\u00e9quipe de r\u00e9daction ainsi que le r\u00e9dacteur en chef se chargent de distribuer les articles \u00e0 deux relecteurs pour une \u00e9valuation scientifique (double aveugle). Les relecteurs sont g\u00e9n\u00e9ralement choisis dans le r\u00e9seau des personnes coordinatrices du dossier. Apr\u00e8s relecture, le responsable \u00e9ditorial lit et annote \u00e9galement les articles qui sont ensuite retourn\u00e9s \u00e0 leurs auteurs pour validation des propositions de corrections. Les articles revenus aux coordinateurs du num\u00e9ro en \u2018version 2\u2019 sont \u00e0 nouveau relus et corrig\u00e9s par les relecteurs, puis par le r\u00e9dacteur en chef et\/ou coordinateurs du dossier publication.<\/p>\n\n\n\n<p>Les langues de publication habituelles par ordre d\u2019importance sont le fran\u00e7ais, l\u2019espagnol et l\u2019anglais. Certaines contributions ont \u00e9t\u00e9 publi\u00e9es en version bilingue (soit fran\u00e7ais-anglais soit fran\u00e7ais- espagnol). Exceptionnellement un article a \u00e9t\u00e9 publi\u00e9 en version bilingue fran\u00e7ais &#8211; italien (num\u00e9ro 4 &#8211; 2018).<\/p>\n\n\n\n<h2 class=\"wp-block-heading has-headings-color has-text-color has-link-color has-large-font-size wp-elements-4f4e6af0ab6895ddef1a273041315d4a\"><strong>Varia<\/strong><\/h2>\n\n\n\n<p>Nous acceptons \u00e9galement des articles isol\u00e9s sur le th\u00e8me de la migration ind\u00e9pendante d&rsquo;enfants et de jeunes qui sont alors plac\u00e9s dans une rubrique\u00a0\u2018<strong>Varia\u2019, <\/strong>soit \u00e0 la fin du dossier soit parfois intercal\u00e9s avec les diff\u00e9rentes parties du dossier. Lors du num\u00e9ro 2 de la revue (2016), nous avons publi\u00e9 un num\u00e9ro enti\u00e8rement Varia. L\u2019\u00e9valuation et relecture des articles des articles \u2018varia\u2019 suit la m\u00eame proc\u00e9dure que les articles des dossiers th\u00e9matiques.<\/p>\n\n\n\n<h2 class=\"wp-block-heading has-large-font-size\"><strong>Rubrique <\/strong>&lsquo;<strong>Paroles de Jeunes<\/strong>&lsquo;<\/h2>\n\n\n\n<p>Une des particularit\u00e9s de la revue JMM est d\u2019int\u00e9grer des textes divers en provenance de jeunes et mineurs en situation de migration dans l\u2019objectif de les impliquer au c\u0153ur de la r\u00e9flexion dont ils font l\u2019objet. Au-del\u00e0 de notre volont\u00e9 de faire entendre la parole des personnes qui n\u2019ont pas habituellement de \u00ab\u00a0voix \u00bb, nous consid\u00e9rons que ces contributions sont particuli\u00e8rement pertinentes et apportent des cl\u00e9s de compr\u00e9hension et de connaissance sur diff\u00e9rents aspects et temporalit\u00e9s de l\u2019exp\u00e9rience migratoire qui sont pr\u00e9sent\u00e9s et expliqu\u00e9s avec les mots et perceptions des personnes protagonistes. Cette prise de position est donc \u00e9pist\u00e9mologique et se justifie par la richesse des r\u00e9cits et textes pr\u00e9sent\u00e9s.<\/p>\n\n\n\n<p>La rubrique \u00ab&nbsp;Parole de Jeunes&nbsp;\u00bb int\u00e8gre ces contributions sur diff\u00e9rents formats (textes plus ou moins courts, transcription de morceaux de musique, podcast ou autres productions). Deux num\u00e9ros (5 &#8211; 2019-2020 et 7- 2022) ont \u00e9t\u00e9 exclusivement consacr\u00e9s aux paroles de jeunes. Ces textes sont g\u00e9n\u00e9ralement s\u00e9lectionn\u00e9s et \u00e9dit\u00e9s par le responsable \u00e9ditorial qui cherche \u00e0 pr\u00e9server l\u2019originalit\u00e9 du langage et des expressions utilis\u00e9es par les personnes concern\u00e9es.<\/p>\n\n\n\n<h2 class=\"wp-block-heading has-large-font-size\"><strong>Rubrique<\/strong> &lsquo;<strong>Lu, Vu, Entendu<\/strong>&lsquo;<\/h2>\n\n\n\n<p>Loin de s\u2019arr\u00eater aux fronti\u00e8res acad\u00e9miques, la th\u00e9matique des jeunes en migration suscite l\u2019int\u00e9r\u00eat d\u2019acteurs aux profils vari\u00e9s et aux productions prot\u00e9iformes (romans, films de fiction, films documentaires, musique, reportages\u2026). L\u2019objectif de cette rubrique est de pr\u00e9senter et de rendre compte de celles qui retiennent l\u2019attention du responsable \u00e9ditorial ou des coordinateurs d\u2019un dossier th\u00e9matique.<\/p>\n\n\n\n<p><\/p>\n","protected":false},"excerpt":{"rendered":"<p>Jeunes et Mineurs en Mobilit\u00e9 J\u00f3venes y Menores en Movilidad Young people and Children on the Move Revue \u00e9lectronique en acc\u00e8s libre \u00e9dit\u00e9e par l\u2018Observatoire de la Migration des Mineurs Laboratoire MIGRINTER- Universit\u00e9 de Poitiers- CNRS MSHS \u2013 B\u00e2timent A5 \u2013 5, rue Th\u00e9odore Lefebvre TSA 21103- F-86073 Poitiers Cedex &hellip;<\/p>\n","protected":false},"author":2,"featured_media":0,"comment_status":"closed","ping_status":"closed","sticky":false,"template":"","format":"aside","meta":{"footnotes":""},"categories":[1],"tags":[],"class_list":["post-2537","post","type-post","status-publish","format-aside","hentry","category-non-classe","post_format-post-format-aside"],"_links":{"self":[{"href":"https:\/\/o-m-m.org\/index.php\/wp-json\/wp\/v2\/posts\/2537","targetHints":{"allow":["GET"]}}],"collection":[{"href":"https:\/\/o-m-m.org\/index.php\/wp-json\/wp\/v2\/posts"}],"about":[{"href":"https:\/\/o-m-m.org\/index.php\/wp-json\/wp\/v2\/types\/post"}],"author":[{"embeddable":true,"href":"https:\/\/o-m-m.org\/index.php\/wp-json\/wp\/v2\/users\/2"}],"replies":[{"embeddable":true,"href":"https:\/\/o-m-m.org\/index.php\/wp-json\/wp\/v2\/comments?post=2537"}],"version-history":[{"count":4,"href":"https:\/\/o-m-m.org\/index.php\/wp-json\/wp\/v2\/posts\/2537\/revisions"}],"predecessor-version":[{"id":2612,"href":"https:\/\/o-m-m.org\/index.php\/wp-json\/wp\/v2\/posts\/2537\/revisions\/2612"}],"wp:attachment":[{"href":"https:\/\/o-m-m.org\/index.php\/wp-json\/wp\/v2\/media?parent=2537"}],"wp:term":[{"taxonomy":"category","embeddable":true,"href":"https:\/\/o-m-m.org\/index.php\/wp-json\/wp\/v2\/categories?post=2537"},{"taxonomy":"post_tag","embeddable":true,"href":"https:\/\/o-m-m.org\/index.php\/wp-json\/wp\/v2\/tags?post=2537"}],"curies":[{"name":"wp","href":"https:\/\/api.w.org\/{rel}","templated":true}]}}