{"id":2527,"date":"2026-01-28T09:05:42","date_gmt":"2026-01-28T08:05:42","guid":{"rendered":"https:\/\/o-m-m.org\/?p=2527"},"modified":"2026-01-30T09:16:51","modified_gmt":"2026-01-30T08:16:51","slug":"normas-de-presentacion-de-las-contribuciones","status":"publish","type":"post","link":"https:\/\/o-m-m.org\/index.php\/2026\/01\/28\/normas-de-presentacion-de-las-contribuciones\/","title":{"rendered":"Normas de presentaci\u00f3n de las contribuciones"},"content":{"rendered":"\n<p class=\"has-headings-color has-text-color has-link-color wp-elements-2302862782969dc4ff9439b7a901f358\"><em>Revista J\u00f3venes y Menores en Movilidad<\/em><\/p>\n\n\n\n<p class=\"has-headings-color has-text-color has-link-color wp-elements-fc374000226dd65ffa167cf6d57cccbf\">Las contribuciones -art\u00edculos, notas de investigaci\u00f3n, notas de trabajo de campo, etc.- deben enviarse al responsable de la publicaci\u00f3n: Daniel Senovilla Hern\u00e1ndez: <a href=\"mailto:daniel.senovilla@univ-poitiers.fr\">daniel.senovilla@univ-poitiers.fr<\/a> <\/p>\n\n\n\n<p class=\"has-headings-color has-text-color has-link-color wp-elements-a1e83c428e9d8a5bd82327bc663d8c56\">Las contribuciones (en franc\u00e9s, ingl\u00e9s o castellano) deben ser, en principio, in\u00e9ditas (salvo acuerdo previo con los responsables de la publicaci\u00f3n). Se someter\u00e1n de forma an\u00f3nima a dos revisores, ya sean miembros del Consejo de Redacci\u00f3n o revisores externos. La decisi\u00f3n (aceptaci\u00f3n, propuesta de correcciones, rechazo) se tomar\u00e1 en un plazo m\u00e1ximo de 3 meses a partir del env\u00edo.<\/p>\n\n\n\n<p class=\"has-headings-color has-text-color has-link-color wp-elements-cc165d89d22689398a6dfc190d9ac3bd\">Las contribuciones deber\u00e1n tener entre 35.000 y 50.000 caracteres (espacios incluidos). El n\u00famero de caracteres indicado (con espacios) incluye la bibliograf\u00eda, las notas a pie de p\u00e1gina, las figuras y los ap\u00e9ndices.<\/p>\n\n\n\n<p class=\"has-headings-color has-text-color has-link-color wp-elements-8cbf73dadc98ba6b8359d5801bb06e67\">El t\u00edtulo debe ir seguido de los apellidos, nombre, cargo y datos de contacto del autor.<\/p>\n\n\n\n<p class=\"has-headings-color has-text-color has-link-color wp-elements-8f9bc643bb2b5ff324a790523ba368c6\">El texto debe mecanografiarse sin tabulaciones (Word u Open Office); el tipo de letra utilizado es Times New Roman 12. Las notas deben ser infrapaginales (Times New Roman 9).<\/p>\n\n\n\n<p class=\"has-headings-color has-text-color has-link-color wp-elements-e86b4445eedfc59374d33e96a5da0cb1\">Las im\u00e1genes y figuras deben enviarse como archivos separados en un formato est\u00e1ndar (JPG, PNG, etc.). Para cada figura debe mencionarse el t\u00edtulo, las fuentes y el pie de foto.<\/p>\n\n\n\n<p class=\"has-headings-color has-text-color has-link-color wp-elements-9bdf74c579cf09ccf618efb4b7affcd9\">Las referencias bibliogr\u00e1ficas aparecer\u00e1n en el texto entre par\u00e9ntesis de la siguiente forma: (Nombre, fecha de publicaci\u00f3n: p\u00e1ginas). Ej: (Dupont y Jones, 2000: p. 45-54)<\/p>\n\n\n\n<p class=\"has-headings-color has-text-color has-link-color wp-elements-faf0b6d68a7c2dce257c1cb954b1c0ae\">Las referencias bibliogr\u00e1ficas se colocan al final del texto y se presentan de acuerdo con las siguientes normas.<\/p>\n\n\n\n<p class=\"has-headings-color has-text-color has-link-color wp-elements-7adc7b13772de797f438441de03fc1f3\"><strong>Libros<\/strong><\/p>\n\n\n\n<p class=\"has-headings-color has-text-color has-link-color wp-elements-d802569588027f8408359be36347e2b1\">BRICAUD, J. (2006), Mineurs \u00e9trangers isol\u00e9s: l&rsquo;\u00e9preuve du soup\u00e7on, Collection Perspectives sociales, Ed. Vuibert, Par\u00eds, 256 p.<\/p>\n\n\n\n<p class=\"has-headings-color has-text-color has-link-color wp-elements-3c30fff862feb19d192a1c7c7c50685d\"><strong>Art\u00edculos de revistas<\/strong><\/p>\n\n\n\n<p class=\"has-headings-color has-text-color has-link-color wp-elements-24e419dfcbe1a0c7008ee8655f74a364\">SENOVILLA HERNANDEZ, D. (2009), Menores extranjeros aislados en Espa\u00f1a: \u00bfuna respuesta jur\u00eddica e institucional acorde con la Convenci\u00f3n Internacional sobre los Derechos del Ni\u00f1o? en Migrations Soci\u00e9t\u00e9 vol. 21 (n\u00ba 125), p. 161-173.<\/p>\n\n\n\n<p class=\"has-headings-color has-text-color has-link-color wp-elements-3335a3c8d0a22a0e6a176dec1d109474\"><strong>Cap\u00edtulos de libros<\/strong><\/p>\n\n\n\n<p class=\"has-headings-color has-text-color has-link-color wp-elements-b6efcace55ec126f59e5b531029e9629\">SENOVILLA HERNANDEZ, D. &amp; KANICS, J. (2010), Protected or merely tolerated? Models of reception and regularisation of unaccompanied and separated children in Europe<em>,<\/em> in SENOVILLA HERNANDEZ, D., TOUZENIS, K. and KANICS, J., <span style=\"text-decoration: underline;\">Migrating alone: unaccompanied and separated children&rsquo;s migration to Europe<\/span>, \u00c9ditions UNESCO, Paris, p. 37-61.<\/p>\n\n\n\n<p class=\"has-headings-color has-text-color has-link-color wp-elements-326540cafbb384060804ca7bebcf3984\"><strong>Informes<\/strong><\/p>\n\n\n\n<p class=\"has-headings-color has-text-color has-link-color wp-elements-a4cc5a5c9b24d9461bcd3eb2bac8c238\">ALTO COMISIONADO DE LAS NACIONES UNIDAS PARA LOS REFUGIADOS (2008), Directrices del ACNUR para determinar el inter\u00e9s superior del ni\u00f1o, ACNUR, Oficina de Ginebra, 97 p.<\/p>\n\n\n\n<p class=\"has-headings-color has-text-color has-link-color wp-elements-6a204a601b3f3885d7bc398d2522933c\"><strong>Estilo de redacci\u00f3n<\/strong><\/p>\n\n\n\n<p class=\"has-headings-color has-text-color has-link-color wp-elements-d35940ed9b25b0af4ef108f9c91c2416\">JMM recomienda el uso de <strong>f\u00f3rmulas neutras<\/strong>, sustantivos, adjetivos y pronombres que no alternen entre masculino y femenino y que tengan su propio g\u00e9nero gramatical.<\/p>\n\n\n\n<p class=\"has-headings-color has-text-color has-link-color wp-elements-58f789641fc39ef8e9721286cc106a81\">Con el acuerdo (previo) del responsable editorial, se podr\u00e1 autorizar una inversi\u00f3n de la regla cl\u00e1sica para favorecer el <span style=\"text-decoration: underline;\">uso del femenino gen\u00e9rico<\/span> a lo largo de todo el art\u00edculo. En este caso, una nota suficientemente visible al principio del texto deber\u00e1 advertir de esta posibilidad para evitar confusiones en cuanto al contenido.<\/p>\n\n\n\n<p class=\"has-headings-color has-text-color has-link-color wp-elements-21947003efb5dd16b0926ab05b696f02\">Por otra parte, por razones de legibilidad y coherencia entre las distintas contribuciones publicadas, no se autoriza el uso de formas truncadas con par\u00e9ntesis, puntos, medios puntos, corchetes, barras, may\u00fasculas, guiones, etc. Tambi\u00e9n deben evitarse, como regla general y por las mismas razones, las formulaciones con doble art\u00edculo (\u00e9l o ella; el o la) y los nombres o sustantivos dobles (trabajadores y trabajadoras).<\/p>\n\n\n\n<p class=\"has-headings-color has-text-color has-link-color wp-elements-51fc3dae2a998e314cf3f19794dfc523\"><\/p>\n\n\n\n<p><\/p>\n","protected":false},"excerpt":{"rendered":"<p>Revista J\u00f3venes y Menores en Movilidad Las contribuciones -art\u00edculos, notas de investigaci\u00f3n, notas de trabajo de campo, etc.- deben enviarse al responsable de la publicaci\u00f3n: Daniel Senovilla Hern\u00e1ndez: daniel.senovilla@univ-poitiers.fr Las contribuciones (en franc\u00e9s, ingl\u00e9s o castellano) deben ser, en principio, in\u00e9ditas (salvo acuerdo previo con los responsables de la publicaci\u00f3n). &hellip;<\/p>\n","protected":false},"author":2,"featured_media":0,"comment_status":"closed","ping_status":"open","sticky":false,"template":"","format":"aside","meta":{"footnotes":""},"categories":[1],"tags":[],"class_list":["post-2527","post","type-post","status-publish","format-aside","hentry","category-non-classe","post_format-post-format-aside"],"_links":{"self":[{"href":"https:\/\/o-m-m.org\/index.php\/wp-json\/wp\/v2\/posts\/2527","targetHints":{"allow":["GET"]}}],"collection":[{"href":"https:\/\/o-m-m.org\/index.php\/wp-json\/wp\/v2\/posts"}],"about":[{"href":"https:\/\/o-m-m.org\/index.php\/wp-json\/wp\/v2\/types\/post"}],"author":[{"embeddable":true,"href":"https:\/\/o-m-m.org\/index.php\/wp-json\/wp\/v2\/users\/2"}],"replies":[{"embeddable":true,"href":"https:\/\/o-m-m.org\/index.php\/wp-json\/wp\/v2\/comments?post=2527"}],"version-history":[{"count":2,"href":"https:\/\/o-m-m.org\/index.php\/wp-json\/wp\/v2\/posts\/2527\/revisions"}],"predecessor-version":[{"id":2541,"href":"https:\/\/o-m-m.org\/index.php\/wp-json\/wp\/v2\/posts\/2527\/revisions\/2541"}],"wp:attachment":[{"href":"https:\/\/o-m-m.org\/index.php\/wp-json\/wp\/v2\/media?parent=2527"}],"wp:term":[{"taxonomy":"category","embeddable":true,"href":"https:\/\/o-m-m.org\/index.php\/wp-json\/wp\/v2\/categories?post=2527"},{"taxonomy":"post_tag","embeddable":true,"href":"https:\/\/o-m-m.org\/index.php\/wp-json\/wp\/v2\/tags?post=2527"}],"curies":[{"name":"wp","href":"https:\/\/api.w.org\/{rel}","templated":true}]}}