{"id":2052,"date":"2024-01-11T14:17:04","date_gmt":"2024-01-11T13:17:04","guid":{"rendered":"https:\/\/o-m-m.org\/?p=2052"},"modified":"2026-02-06T17:36:07","modified_gmt":"2026-02-06T16:36:07","slug":"atelier-artistique-ruffec-9-janvier-2023","status":"publish","type":"post","link":"https:\/\/o-m-m.org\/index.php\/2024\/01\/11\/atelier-artistique-ruffec-9-janvier-2023\/","title":{"rendered":"Atelier artistique &#8211; Ruffec &#8211; 9 janvier 2024"},"content":{"rendered":"\n<h4 class=\"wp-block-heading\"><strong>Atelier artistique &#8211; Ruffec &#8211; 9 janvier 2024<\/strong><\/h4>\n\n\n\n<p class=\"has-normal-font-size\">En collaboration avec Sylvie Marchand et Lionel Camburet de <a href=\"https:\/\/www.gigacircus.net\/fr\">Gigacircus<\/a> et dans le cadre du projet <a href=\"https:\/\/www.facebook.com\/profile.php?id=100063786991259\">Hospitalit\u00e9 en Actions<\/a>, nous avons organis\u00e9 un atelier artistique avec des demandeurs d&rsquo;asile de l&rsquo;HUDA de Ruffec g\u00e9r\u00e9 par l&rsquo;association Audacia. Les personnes participantes \u00e9taient libres de s&rsquo;exprimer par le dessin ou l&rsquo;\u00e9criture. Les th\u00e8mes sugg\u00e9r\u00e9s \u00e9taient les aspects positifs de la nouvelle vie \u00e0 Ruffec, les choses \u00e0 changer et, enfin, leurs souhaits pour l&rsquo;avenir. L&rsquo;atelier a eu lieu au th\u00e9\u00e2tre de la Canop\u00e9e avec la participation et le soutien des habitants de Ruffec.<\/p>\n\n\n\n<p class=\"has-text-align-center has-large-font-size\"><strong>Dessin 1<\/strong> (1,60m x 2,50m)<\/p>\n\n\n<div class=\"wp-block-image\">\n<figure class=\"aligncenter size-large\"><img loading=\"lazy\" decoding=\"async\" width=\"612\" height=\"1024\" src=\"https:\/\/o-m-m.org\/wp-content\/uploads\/2024\/01\/Dessin-1-Ruffec-1-612x1024.jpg\" alt=\"\" class=\"wp-image-2053\" srcset=\"https:\/\/o-m-m.org\/wp-content\/uploads\/2024\/01\/Dessin-1-Ruffec-1-612x1024.jpg 612w, https:\/\/o-m-m.org\/wp-content\/uploads\/2024\/01\/Dessin-1-Ruffec-1-179x300.jpg 179w, https:\/\/o-m-m.org\/wp-content\/uploads\/2024\/01\/Dessin-1-Ruffec-1-768x1285.jpg 768w, https:\/\/o-m-m.org\/wp-content\/uploads\/2024\/01\/Dessin-1-Ruffec-1-918x1536.jpg 918w, https:\/\/o-m-m.org\/wp-content\/uploads\/2024\/01\/Dessin-1-Ruffec-1-1224x2048.jpg 1224w, https:\/\/o-m-m.org\/wp-content\/uploads\/2024\/01\/Dessin-1-Ruffec-1-209x350.jpg 209w, https:\/\/o-m-m.org\/wp-content\/uploads\/2024\/01\/Dessin-1-Ruffec-1-scaled.jpg 1530w\" sizes=\"auto, (max-width: 612px) 100vw, 612px\" \/><\/figure><\/div>\n\n\n<p><\/p>\n\n\n\n<p class=\"has-text-align-center has-large-font-size\"><strong>Dessin 2<\/strong> (1,60m x 2,50m)<\/p>\n\n\n<div class=\"wp-block-image\">\n<figure class=\"aligncenter size-large\"><img loading=\"lazy\" decoding=\"async\" width=\"631\" height=\"1024\" src=\"https:\/\/o-m-m.org\/wp-content\/uploads\/2024\/01\/Dessin-2-Ruffec-1-631x1024.jpg\" alt=\"\" class=\"wp-image-2054\" srcset=\"https:\/\/o-m-m.org\/wp-content\/uploads\/2024\/01\/Dessin-2-Ruffec-1-631x1024.jpg 631w, https:\/\/o-m-m.org\/wp-content\/uploads\/2024\/01\/Dessin-2-Ruffec-1-185x300.jpg 185w, https:\/\/o-m-m.org\/wp-content\/uploads\/2024\/01\/Dessin-2-Ruffec-1-768x1246.jpg 768w, https:\/\/o-m-m.org\/wp-content\/uploads\/2024\/01\/Dessin-2-Ruffec-1-947x1536.jpg 947w, https:\/\/o-m-m.org\/wp-content\/uploads\/2024\/01\/Dessin-2-Ruffec-1-1262x2048.jpg 1262w, https:\/\/o-m-m.org\/wp-content\/uploads\/2024\/01\/Dessin-2-Ruffec-1-216x350.jpg 216w, https:\/\/o-m-m.org\/wp-content\/uploads\/2024\/01\/Dessin-2-Ruffec-1-scaled.jpg 1578w\" sizes=\"auto, (max-width: 631px) 100vw, 631px\" \/><\/figure><\/div>\n\n\n<p><\/p>\n\n\n\n<p class=\"has-text-align-center has-large-font-size\"><strong>Et voici quelques photos avec les d\u00e9tails des dessins<\/strong><\/p>\n\n\n<div class=\"wp-block-image\">\n<figure class=\"aligncenter size-large\"><img loading=\"lazy\" decoding=\"async\" width=\"724\" height=\"1024\" src=\"https:\/\/o-m-m.org\/wp-content\/uploads\/2024\/01\/Idrissa-Bandiougou-Moussa-724x1024.png\" alt=\"\" class=\"wp-image-2056\" srcset=\"https:\/\/o-m-m.org\/wp-content\/uploads\/2024\/01\/Idrissa-Bandiougou-Moussa-724x1024.png 724w, https:\/\/o-m-m.org\/wp-content\/uploads\/2024\/01\/Idrissa-Bandiougou-Moussa-212x300.png 212w, https:\/\/o-m-m.org\/wp-content\/uploads\/2024\/01\/Idrissa-Bandiougou-Moussa-768x1086.png 768w, https:\/\/o-m-m.org\/wp-content\/uploads\/2024\/01\/Idrissa-Bandiougou-Moussa-1086x1536.png 1086w, https:\/\/o-m-m.org\/wp-content\/uploads\/2024\/01\/Idrissa-Bandiougou-Moussa-247x350.png 247w, https:\/\/o-m-m.org\/wp-content\/uploads\/2024\/01\/Idrissa-Bandiougou-Moussa.png 1414w\" sizes=\"auto, (max-width: 724px) 100vw, 724px\" \/><\/figure><\/div>\n\n<div class=\"wp-block-image\">\n<figure class=\"aligncenter size-large\"><img loading=\"lazy\" decoding=\"async\" width=\"724\" height=\"1024\" src=\"https:\/\/o-m-m.org\/wp-content\/uploads\/2024\/01\/Ren-Zhiwei-724x1024.png\" alt=\"\" class=\"wp-image-2057\" srcset=\"https:\/\/o-m-m.org\/wp-content\/uploads\/2024\/01\/Ren-Zhiwei-724x1024.png 724w, https:\/\/o-m-m.org\/wp-content\/uploads\/2024\/01\/Ren-Zhiwei-212x300.png 212w, https:\/\/o-m-m.org\/wp-content\/uploads\/2024\/01\/Ren-Zhiwei-768x1086.png 768w, https:\/\/o-m-m.org\/wp-content\/uploads\/2024\/01\/Ren-Zhiwei-1086x1536.png 1086w, https:\/\/o-m-m.org\/wp-content\/uploads\/2024\/01\/Ren-Zhiwei-247x350.png 247w, https:\/\/o-m-m.org\/wp-content\/uploads\/2024\/01\/Ren-Zhiwei.png 1414w\" sizes=\"auto, (max-width: 724px) 100vw, 724px\" \/><\/figure><\/div>\n\n<div class=\"wp-block-image\">\n<figure class=\"aligncenter size-large\"><img loading=\"lazy\" decoding=\"async\" width=\"724\" height=\"1024\" src=\"https:\/\/o-m-m.org\/wp-content\/uploads\/2024\/01\/Sekou-Arsene-et-Khalid-724x1024.png\" alt=\"\" class=\"wp-image-2059\" srcset=\"https:\/\/o-m-m.org\/wp-content\/uploads\/2024\/01\/Sekou-Arsene-et-Khalid-724x1024.png 724w, https:\/\/o-m-m.org\/wp-content\/uploads\/2024\/01\/Sekou-Arsene-et-Khalid-212x300.png 212w, https:\/\/o-m-m.org\/wp-content\/uploads\/2024\/01\/Sekou-Arsene-et-Khalid-768x1086.png 768w, https:\/\/o-m-m.org\/wp-content\/uploads\/2024\/01\/Sekou-Arsene-et-Khalid-1086x1536.png 1086w, https:\/\/o-m-m.org\/wp-content\/uploads\/2024\/01\/Sekou-Arsene-et-Khalid-247x350.png 247w, https:\/\/o-m-m.org\/wp-content\/uploads\/2024\/01\/Sekou-Arsene-et-Khalid.png 1414w\" sizes=\"auto, (max-width: 724px) 100vw, 724px\" \/><\/figure><\/div>\n\n\n<p><\/p>\n\n\n\n<p class=\"has-text-align-center has-large-font-size\"><strong>Travail en cours<\/strong><\/p>\n\n\n<div class=\"wp-block-image\">\n<figure class=\"aligncenter size-large\"><img loading=\"lazy\" decoding=\"async\" width=\"724\" height=\"1024\" src=\"https:\/\/o-m-m.org\/wp-content\/uploads\/2024\/01\/Travail-en-cours-3-724x1024.png\" alt=\"\" class=\"wp-image-2060\" srcset=\"https:\/\/o-m-m.org\/wp-content\/uploads\/2024\/01\/Travail-en-cours-3-724x1024.png 724w, https:\/\/o-m-m.org\/wp-content\/uploads\/2024\/01\/Travail-en-cours-3-212x300.png 212w, https:\/\/o-m-m.org\/wp-content\/uploads\/2024\/01\/Travail-en-cours-3-768x1086.png 768w, https:\/\/o-m-m.org\/wp-content\/uploads\/2024\/01\/Travail-en-cours-3-1086x1536.png 1086w, https:\/\/o-m-m.org\/wp-content\/uploads\/2024\/01\/Travail-en-cours-3-247x350.png 247w, https:\/\/o-m-m.org\/wp-content\/uploads\/2024\/01\/Travail-en-cours-3.png 1414w\" sizes=\"auto, (max-width: 724px) 100vw, 724px\" \/><\/figure><\/div>","protected":false},"excerpt":{"rendered":"<p>Atelier artistique &#8211; Ruffec &#8211; 9 janvier 2024 En collaboration avec Sylvie Marchand et Lionel Camburet de Gigacircus et dans le cadre du projet Hospitalit\u00e9 en Actions, nous avons organis\u00e9 un atelier artistique avec des demandeurs d&rsquo;asile de l&rsquo;HUDA de Ruffec g\u00e9r\u00e9 par l&rsquo;association Audacia. Les personnes participantes \u00e9taient libres &hellip;<\/p>\n","protected":false},"author":2,"featured_media":2037,"comment_status":"closed","ping_status":"open","sticky":true,"template":"","format":"aside","meta":{"footnotes":""},"categories":[24],"tags":[],"class_list":["post-2052","post","type-post","status-publish","format-aside","has-post-thumbnail","hentry","category-paroles-de-jeunes","post_format-post-format-aside"],"_links":{"self":[{"href":"https:\/\/o-m-m.org\/index.php\/wp-json\/wp\/v2\/posts\/2052","targetHints":{"allow":["GET"]}}],"collection":[{"href":"https:\/\/o-m-m.org\/index.php\/wp-json\/wp\/v2\/posts"}],"about":[{"href":"https:\/\/o-m-m.org\/index.php\/wp-json\/wp\/v2\/types\/post"}],"author":[{"embeddable":true,"href":"https:\/\/o-m-m.org\/index.php\/wp-json\/wp\/v2\/users\/2"}],"replies":[{"embeddable":true,"href":"https:\/\/o-m-m.org\/index.php\/wp-json\/wp\/v2\/comments?post=2052"}],"version-history":[{"count":8,"href":"https:\/\/o-m-m.org\/index.php\/wp-json\/wp\/v2\/posts\/2052\/revisions"}],"predecessor-version":[{"id":2693,"href":"https:\/\/o-m-m.org\/index.php\/wp-json\/wp\/v2\/posts\/2052\/revisions\/2693"}],"wp:featuredmedia":[{"embeddable":true,"href":"https:\/\/o-m-m.org\/index.php\/wp-json\/wp\/v2\/media\/2037"}],"wp:attachment":[{"href":"https:\/\/o-m-m.org\/index.php\/wp-json\/wp\/v2\/media?parent=2052"}],"wp:term":[{"taxonomy":"category","embeddable":true,"href":"https:\/\/o-m-m.org\/index.php\/wp-json\/wp\/v2\/categories?post=2052"},{"taxonomy":"post_tag","embeddable":true,"href":"https:\/\/o-m-m.org\/index.php\/wp-json\/wp\/v2\/tags?post=2052"}],"curies":[{"name":"wp","href":"https:\/\/api.w.org\/{rel}","templated":true}]}}