{"id":2023,"date":"2024-01-03T09:57:43","date_gmt":"2024-01-03T08:57:43","guid":{"rendered":"https:\/\/o-m-m.org\/?p=2023"},"modified":"2025-05-19T14:25:24","modified_gmt":"2025-05-19T12:25:24","slug":"dispositif-methodologique-et-enseignements-dune-recherche-action-collaborative-prendre-en-compte-la-sante-mentale-des-jeunes-accueillis-dans-les-services-dedies-aux-mineurs-non-accompagnes","status":"publish","type":"post","link":"https:\/\/o-m-m.org\/index.php\/2024\/01\/03\/dispositif-methodologique-et-enseignements-dune-recherche-action-collaborative-prendre-en-compte-la-sante-mentale-des-jeunes-accueillis-dans-les-services-dedies-aux-mineurs-non-accompagnes\/","title":{"rendered":"Dispositif m\u00e9thodologique et enseignements d\u2019une recherche-action collaborative &#8211; Prendre en compte la sant\u00e9 mentale des jeunes accueillis dans les services d\u00e9di\u00e9s aux Mineurs Non Accompagn\u00e9s"},"content":{"rendered":"<div class=\"wp-block-image\">\n<figure class=\"aligncenter size-full\"><img decoding=\"async\" src=\"https:\/\/o-m-m.org\/wp-content\/uploads\/2024\/01\/Logo-Babel-taupe.jpg\" alt=\"\" class=\"wp-image-2077\"\/><\/figure><\/div>\n\n\n<p><strong>Auteur- Cabinet Babel <\/strong>&#8211; <a href=\"http:\/\/www.cabinetbabel.fr\/\">www.cabinetbabel.fr<\/a><\/p>\n\n\n\n<p><a href=\"https:\/\/o-m-m.org\/wp-content\/uploads\/2024\/10\/Methodologie-et-enseignements-d-une-RAC-Sante-Mentale-MNA.pdf\">https:\/\/o-m-m.org\/wp-content\/uploads\/2024\/10\/Methodologie-et-enseignements-d-une-RAC-Sante-Mentale-MNA.pdf<\/a><\/p>\n\n\n\n<p>Ce document pr\u00e9sente le contexte, la m\u00e9thode, le d\u00e9roulement et les principaux effets d\u2019une recherche-action collaborative qui a \u00e9t\u00e9 men\u00e9e par une \u00e9quipe d\u2019intervenants du Cabinet Babel. Il s\u2019appuie sur un travail de recherche dont l\u2019objet a port\u00e9 sur la prise en compte de la sant\u00e9 mentale des Mineurs Non Accompagn\u00e9s au sein des services qui leur sont sp\u00e9cifiquement d\u00e9di\u00e9es dans le cadre de la protection de l\u2019enfance en France.<\/p>\n\n\n\n<p>Il fait le r\u00e9cit d\u2019une intervention institutionnelle qui a concern\u00e9 des \u00e9quipes socio-\u00e9ducatives, certains de leurs partenaires et des jeunes MNA. Il pr\u00e9sente une analyse m\u00e9thodologique r\u00e9trospective du processus. Il revient \u00e9galement sur diff\u00e9rents enseignements tir\u00e9s de cette d\u00e9marche en mati\u00e8re de compr\u00e9hension de la sant\u00e9 mentale et de ce qui la sous-tend. Il permet aussi de rendre visible des logiques d\u2019action \u00e0 l\u2019\u0153uvre dans les services sp\u00e9cifiquement d\u00e9di\u00e9s aux jeunes MNA qui se sont d\u00e9velopp\u00e9s depuis le milieu des ann\u00e9es 2010.<\/p>\n","protected":false},"excerpt":{"rendered":"<p>Auteur- Cabinet Babel &#8211; www.cabinetbabel.fr https:\/\/o-m-m.org\/wp-content\/uploads\/2024\/10\/Methodologie-et-enseignements-d-une-RAC-Sante-Mentale-MNA.pdf Ce document pr\u00e9sente le contexte, la m\u00e9thode, le d\u00e9roulement et les principaux effets d\u2019une recherche-action collaborative qui a \u00e9t\u00e9 men\u00e9e par une \u00e9quipe d\u2019intervenants du Cabinet Babel. Il s\u2019appuie sur un travail de recherche dont l\u2019objet a port\u00e9 sur la prise en compte de &hellip;<\/p>\n","protected":false},"author":2,"featured_media":2071,"comment_status":"closed","ping_status":"open","sticky":false,"template":"","format":"aside","meta":{"footnotes":""},"categories":[1],"tags":[],"class_list":["post-2023","post","type-post","status-publish","format-aside","has-post-thumbnail","hentry","category-non-classe","post_format-post-format-aside"],"_links":{"self":[{"href":"https:\/\/o-m-m.org\/index.php\/wp-json\/wp\/v2\/posts\/2023","targetHints":{"allow":["GET"]}}],"collection":[{"href":"https:\/\/o-m-m.org\/index.php\/wp-json\/wp\/v2\/posts"}],"about":[{"href":"https:\/\/o-m-m.org\/index.php\/wp-json\/wp\/v2\/types\/post"}],"author":[{"embeddable":true,"href":"https:\/\/o-m-m.org\/index.php\/wp-json\/wp\/v2\/users\/2"}],"replies":[{"embeddable":true,"href":"https:\/\/o-m-m.org\/index.php\/wp-json\/wp\/v2\/comments?post=2023"}],"version-history":[{"count":8,"href":"https:\/\/o-m-m.org\/index.php\/wp-json\/wp\/v2\/posts\/2023\/revisions"}],"predecessor-version":[{"id":2293,"href":"https:\/\/o-m-m.org\/index.php\/wp-json\/wp\/v2\/posts\/2023\/revisions\/2293"}],"wp:featuredmedia":[{"embeddable":true,"href":"https:\/\/o-m-m.org\/index.php\/wp-json\/wp\/v2\/media\/2071"}],"wp:attachment":[{"href":"https:\/\/o-m-m.org\/index.php\/wp-json\/wp\/v2\/media?parent=2023"}],"wp:term":[{"taxonomy":"category","embeddable":true,"href":"https:\/\/o-m-m.org\/index.php\/wp-json\/wp\/v2\/categories?post=2023"},{"taxonomy":"post_tag","embeddable":true,"href":"https:\/\/o-m-m.org\/index.php\/wp-json\/wp\/v2\/tags?post=2023"}],"curies":[{"name":"wp","href":"https:\/\/api.w.org\/{rel}","templated":true}]}}