{"id":1825,"date":"2023-02-28T11:09:10","date_gmt":"2023-02-28T10:09:10","guid":{"rendered":"https:\/\/o-m-m.org\/?p=1825"},"modified":"2023-05-09T15:41:54","modified_gmt":"2023-05-09T13:41:54","slug":"presentacion-del-documental-migracion-positiva-de-la-fundacion-picarral","status":"publish","type":"post","link":"https:\/\/o-m-m.org\/index.php\/2023\/02\/28\/presentacion-del-documental-migracion-positiva-de-la-fundacion-picarral\/","title":{"rendered":"Presentaci\u00f3n del documental \u00ab\u00a0Migraci\u00f3n Positiva\u00a0\u00bb de la Fundaci\u00f3n Picarral"},"content":{"rendered":"<p><\/p>\n\n\n<\/p>\n<figure><img decoding=\"async\" src=\"https:\/\/o-m-m.org\/wp-content\/uploads\/2023\/03\/MG_1136-1024x683.jpg\" alt=\"\"><\/figure>\n<p>\n\n\n<p><\/p>\n\n\n<\/p>\n<p>Los representantes de las diferentes instituciones implicadas en el documental posan para la prensa. Cr\u00e9dito foto: Universidad de Zaragoza<\/p>\n<p>\n\n\n<p><\/p>\n\n\n<\/p>\n<p>Inspirado del proyecto Migration Positive que dirige el Observatoire de la Migration de Mineurs desde 2020, el documental Positive Migration producido y realizado por la Fundaci\u00f3n Picarral, fue presentado el jueves 23 de febrero de 2023 en un acto celebrado en el Paraninfo de la universidad de Zaragoza en el que intervinieron la directora del documental, Elisa Castanera, diversas personas y j\u00f3venes implicados en su realizaci\u00f3n, el Gobierno de Arag\u00f3n, la universidad de Zaragoza y el OMM.<\/p>\n<p>\n\n\n<p><\/p>\n\n\n<\/p>\n<p>El documental est\u00e1 disponible en acceso libre en Youtube:<\/p>\n<p>\n\n\n<p><\/p>\n\n\n<\/p>\n<p><iframe loading=\"lazy\" title=\"Fundaci\u00f3n Picarral presenta el documental\u201cPositive Migration\u201d\" width=\"777\" height=\"437\" src=\"https:\/\/www.youtube.com\/embed\/uK3wGBE-1IU?feature=oembed\" frameborder=\"0\" allow=\"accelerometer; autoplay; clipboard-write; encrypted-media; gyroscope; picture-in-picture; web-share\" allowfullscreen><\/iframe>  <\/p>\n<p>\n\n\n<p><\/p>","protected":false},"excerpt":{"rendered":"<p>Los representantes de las diferentes instituciones implicadas en el documental posan para la prensa. Cr\u00e9dito foto: Universidad de Zaragoza Inspirado del proyecto Migration Positive que dirige el Observatoire de la Migration de Mineurs desde 2020, el documental Positive Migration producido y realizado por la Fundaci\u00f3n Picarral, fue presentado el jueves &hellip;<\/p>\n","protected":false},"author":2,"featured_media":346,"comment_status":"closed","ping_status":"open","sticky":false,"template":"","format":"aside","meta":{"footnotes":""},"categories":[1],"tags":[],"class_list":["post-1825","post","type-post","status-publish","format-aside","has-post-thumbnail","hentry","category-non-classe","post_format-post-format-aside"],"_links":{"self":[{"href":"https:\/\/o-m-m.org\/index.php\/wp-json\/wp\/v2\/posts\/1825","targetHints":{"allow":["GET"]}}],"collection":[{"href":"https:\/\/o-m-m.org\/index.php\/wp-json\/wp\/v2\/posts"}],"about":[{"href":"https:\/\/o-m-m.org\/index.php\/wp-json\/wp\/v2\/types\/post"}],"author":[{"embeddable":true,"href":"https:\/\/o-m-m.org\/index.php\/wp-json\/wp\/v2\/users\/2"}],"replies":[{"embeddable":true,"href":"https:\/\/o-m-m.org\/index.php\/wp-json\/wp\/v2\/comments?post=1825"}],"version-history":[{"count":9,"href":"https:\/\/o-m-m.org\/index.php\/wp-json\/wp\/v2\/posts\/1825\/revisions"}],"predecessor-version":[{"id":1841,"href":"https:\/\/o-m-m.org\/index.php\/wp-json\/wp\/v2\/posts\/1825\/revisions\/1841"}],"wp:featuredmedia":[{"embeddable":true,"href":"https:\/\/o-m-m.org\/index.php\/wp-json\/wp\/v2\/media\/346"}],"wp:attachment":[{"href":"https:\/\/o-m-m.org\/index.php\/wp-json\/wp\/v2\/media?parent=1825"}],"wp:term":[{"taxonomy":"category","embeddable":true,"href":"https:\/\/o-m-m.org\/index.php\/wp-json\/wp\/v2\/categories?post=1825"},{"taxonomy":"post_tag","embeddable":true,"href":"https:\/\/o-m-m.org\/index.php\/wp-json\/wp\/v2\/tags?post=1825"}],"curies":[{"name":"wp","href":"https:\/\/api.w.org\/{rel}","templated":true}]}}