{"id":1743,"date":"2022-04-13T10:38:08","date_gmt":"2022-04-13T08:38:08","guid":{"rendered":"http:\/\/o-m-m.org\/?p=1743"},"modified":"2022-09-26T12:10:43","modified_gmt":"2022-09-26T10:10:43","slug":"programme-jde-migration-positive-poitiers-13-14-mai-2022","status":"publish","type":"post","link":"https:\/\/o-m-m.org\/index.php\/2022\/04\/13\/programme-jde-migration-positive-poitiers-13-14-mai-2022\/","title":{"rendered":"Programme JdE Migration Positive, Poitiers 13-14 mai 2022"},"content":{"rendered":"\n<h3 class=\"wp-block-heading\"><strong>Journ\u00e9es d&rsquo;\u00e9tudes \u00ab&nbsp;Le r\u00f4le des r\u00e9seaux d&rsquo;hospitalit\u00e9 et de solidarit\u00e9 dans la (re)construction d&rsquo;une vie&nbsp;ordinaire<\/strong><strong>&nbsp;<\/strong><strong>en France&nbsp;\u00bb<\/strong><\/h3>\n\n\n\n<p>Ci dessous le lien du t\u00e9l\u00e9chargement du programme d\u00e9finitif des Journ\u00e9es intitul\u00e9es \u00ab Le r\u00f4le des r\u00e9seaux d\u2019hospitalit\u00e9 et solidarit\u00e9 dans la (re)construction d\u2019une vie ordinaire en France\u00a0\u00bb\u00a0<\/p>\n\n\n\n<p><a rel=\"noreferrer noopener\" href=\"https:\/\/o-m-m.org\/wp-content\/uploads\/2022\/05\/Programme-JE-Migration-Positive-13-14-mai-2022.pdf\" target=\"_blank\">https:\/\/o-m-m.org\/wp-content\/uploads\/2022\/05\/Programme-JE-Migration-Positive-13-14-mai-2022.pdf<\/a><\/p>\n\n\n\n<p>Ces deux Journ\u00e9es qui auront lieu \u00e0 Poitiers les 13-14 mai prochains cl\u00f4turent le projet&nbsp;<a class=\"\" href=\"https:\/\/o-m-m.org\/index.php\/category\/projet-migration-positive\/\">Migration Positive<\/a>&nbsp;que nous menons depuis septembre 2020.<br><\/p>\n\n\n\n<p>L\u2019entr\u00e9e est libre les deux jours dans la limite des places disponibles (environ 150 par jour). Vous pouvez vous inscrire sur le lien suivant:&nbsp;<a class=\"\" href=\"https:\/\/docs.google.com\/forms\/d\/e\/1FAIpQLSdEfv3TXwSi9kvMza12klQ8D6amYNVA3z9xd5iQtZFxrxYruw\/viewform\">Formulaire d&rsquo;Inscription<\/a><br><\/p>\n\n\n\n<p>Vendredi 13 mai la journ\u00e9e aura lieu \u00e0 la MSHS de Poitiers:&nbsp;<a class=\"\" href=\"https:\/\/goo.gl\/maps\/1PQMQKCMdeNNvGe6A\">Localisation<\/a><br><\/p>\n\n\n\n<p>Samedi 14 mai la journ\u00e9e aura lieu \u00e0 la Maison des Trois Quartiers de Poitiers:&nbsp;<a class=\"\" href=\"https:\/\/goo.gl\/maps\/1QR4Jfq9VVAcxHyw7\">Localisation<\/a>&nbsp;Un concert solidaire aura lieu \u00e0 la Maison des Trois Quartiers vendredi 13 mai \u00e0 20h30. Affiche et tarif (contribution aux projets de soutien aux jeunes migrants au niveau local) \u00e0 venir. &nbsp;<\/p>\n\n\n\n<p>Samedi 14, vous avez la possibilit\u00e9 de r\u00e9server votre d\u00e9jeuner au restaurant associatif du Toit du Monde. Pour r\u00e9server et r\u00e9gler \u00e0 l\u2019avance (souhait\u00e9), merci de contacter le TdM au&nbsp;05 49 41 13 40 ou <a class=\"\" href=\"mailto:accueil@toitdumonde-csc86.org\">accueil@toitdumonde-csc86.org<\/a><br><\/p>\n\n\n\n<p>N&rsquo;h\u00e9sitez pas \u00e0 diffuser le programme et ces informations dans vos r\u00e9seaux.<br><\/p>\n\n\n\n<p>Au plaisir de peut-\u00eatre vous voir \u00e0 Poitiers au mois de mai !<\/p>\n","protected":false},"excerpt":{"rendered":"<p>Journ\u00e9es d&rsquo;\u00e9tudes \u00ab&nbsp;Le r\u00f4le des r\u00e9seaux d&rsquo;hospitalit\u00e9 et de solidarit\u00e9 dans la (re)construction d&rsquo;une vie&nbsp;ordinaire&nbsp;en France&nbsp;\u00bb Ci dessous le lien du t\u00e9l\u00e9chargement du programme d\u00e9finitif des Journ\u00e9es intitul\u00e9es \u00ab Le r\u00f4le des r\u00e9seaux d\u2019hospitalit\u00e9 et solidarit\u00e9 dans la (re)construction d\u2019une vie ordinaire en France\u00a0\u00bb\u00a0 https:\/\/o-m-m.org\/wp-content\/uploads\/2022\/05\/Programme-JE-Migration-Positive-13-14-mai-2022.pdf Ces deux Journ\u00e9es qui auront &hellip;<\/p>\n","protected":false},"author":2,"featured_media":1745,"comment_status":"closed","ping_status":"open","sticky":true,"template":"","format":"aside","meta":{"footnotes":""},"categories":[1],"tags":[],"class_list":["post-1743","post","type-post","status-publish","format-aside","has-post-thumbnail","hentry","category-non-classe","post_format-post-format-aside"],"_links":{"self":[{"href":"https:\/\/o-m-m.org\/index.php\/wp-json\/wp\/v2\/posts\/1743","targetHints":{"allow":["GET"]}}],"collection":[{"href":"https:\/\/o-m-m.org\/index.php\/wp-json\/wp\/v2\/posts"}],"about":[{"href":"https:\/\/o-m-m.org\/index.php\/wp-json\/wp\/v2\/types\/post"}],"author":[{"embeddable":true,"href":"https:\/\/o-m-m.org\/index.php\/wp-json\/wp\/v2\/users\/2"}],"replies":[{"embeddable":true,"href":"https:\/\/o-m-m.org\/index.php\/wp-json\/wp\/v2\/comments?post=1743"}],"version-history":[{"count":3,"href":"https:\/\/o-m-m.org\/index.php\/wp-json\/wp\/v2\/posts\/1743\/revisions"}],"predecessor-version":[{"id":1750,"href":"https:\/\/o-m-m.org\/index.php\/wp-json\/wp\/v2\/posts\/1743\/revisions\/1750"}],"wp:featuredmedia":[{"embeddable":true,"href":"https:\/\/o-m-m.org\/index.php\/wp-json\/wp\/v2\/media\/1745"}],"wp:attachment":[{"href":"https:\/\/o-m-m.org\/index.php\/wp-json\/wp\/v2\/media?parent=1743"}],"wp:term":[{"taxonomy":"category","embeddable":true,"href":"https:\/\/o-m-m.org\/index.php\/wp-json\/wp\/v2\/categories?post=1743"},{"taxonomy":"post_tag","embeddable":true,"href":"https:\/\/o-m-m.org\/index.php\/wp-json\/wp\/v2\/tags?post=1743"}],"curies":[{"name":"wp","href":"https:\/\/api.w.org\/{rel}","templated":true}]}}