{"id":1191,"date":"2021-03-25T14:17:58","date_gmt":"2021-03-25T13:17:58","guid":{"rendered":"http:\/\/o-m-m.org\/?p=1191"},"modified":"2026-02-01T18:32:01","modified_gmt":"2026-02-01T17:32:01","slug":"jmm-n1-2015","status":"publish","type":"post","link":"https:\/\/o-m-m.org\/index.php\/2021\/03\/25\/jmm-n1-2015\/","title":{"rendered":"JMM n\u00b01 &#8211; 2015"},"content":{"rendered":"\n<h4 class=\"wp-block-heading\"><strong>Jeunes et Mineurs en Mobilit\u00e9 n\u00b0 1 &#8211; 2015<\/strong><\/h4>\n\n\n\n<h4 class=\"wp-block-heading\"><b>Mineurs en migration &#8211; Retour sur le s\u00e9minaire du 21 octobre 2014<\/b><\/h4>\n\n\n\n<p style=\"font-size:22px\"><strong>Coordonn\u00e9 par Lucie Bacon, Corentin Bailleul, Julie Lemoux et Daniel Senovilla Hern\u00e1ndez<\/strong><\/p>\n\n\n\n<div class=\"wp-block-buttons is-layout-flex wp-block-buttons-is-layout-flex\">\n<div class=\"wp-block-button\"><a class=\"wp-block-button__link has-accent-1-background-color has-background wp-element-button\" href=\"https:\/\/o-m-m.org\/wp-content\/uploads\/2021\/03\/JMM-no-1.pdf\">Lire le num\u00e9ro en entier<\/a><\/div>\n<\/div>\n\n\n\n<p class=\"has-large-font-size\"><a href=\"https:\/\/o-m-m.org\/wp-content\/uploads\/2021\/06\/Sommaire-JMM-1.pdf\"><strong>Sommaire<\/strong><\/a><\/p>\n\n\n\n<figure class=\"wp-block-image size-large is-resized\"><img loading=\"lazy\" decoding=\"async\" width=\"724\" height=\"1024\" src=\"https:\/\/o-m-m.org\/wp-content\/uploads\/2021\/06\/Couverture-JMM-1-724x1024.jpg\" alt=\"\" class=\"wp-image-1194\" style=\"width:383px;height:auto\" srcset=\"https:\/\/o-m-m.org\/wp-content\/uploads\/2021\/06\/Couverture-JMM-1-724x1024.jpg 724w, https:\/\/o-m-m.org\/wp-content\/uploads\/2021\/06\/Couverture-JMM-1-212x300.jpg 212w, https:\/\/o-m-m.org\/wp-content\/uploads\/2021\/06\/Couverture-JMM-1-768x1086.jpg 768w, https:\/\/o-m-m.org\/wp-content\/uploads\/2021\/06\/Couverture-JMM-1-1086x1536.jpg 1086w, https:\/\/o-m-m.org\/wp-content\/uploads\/2021\/06\/Couverture-JMM-1-1448x2048.jpg 1448w, https:\/\/o-m-m.org\/wp-content\/uploads\/2021\/06\/Couverture-JMM-1-247x350.jpg 247w, https:\/\/o-m-m.org\/wp-content\/uploads\/2021\/06\/Couverture-JMM-1.jpg 1654w\" sizes=\"auto, (max-width: 724px) 100vw, 724px\" \/><\/figure>\n\n\n\n<p><\/p>\n\n\n\n<p style=\"font-size:19px\"><strong><a href=\"https:\/\/o-m-m.org\/wp-content\/uploads\/2021\/06\/Editorial-JMM-1.pdf\" target=\"_blank\" rel=\"noopener\">\u00c9ditorial<\/a> <em>&#8211; Daniel Senovilla Hern\u00e1ndez<\/em><\/strong><em><br><\/em><\/p>\n\n\n\n<figure class=\"wp-block-image is-resized\"><img decoding=\"async\" src=\"https:\/\/o-m-m.org\/wp-content\/uploads\/2021\/05\/2-1024x913.jpg\" alt=\"\" style=\"width:256px;height:auto\"\/><\/figure>\n\n\n\n<p style=\"font-size:20px\"><a href=\"https:\/\/o-m-m.org\/wp-content\/uploads\/2021\/06\/Mamadou-JMM-1.pdf\" target=\"_blank\" rel=\"noopener\"><strong>Mamadou<\/strong><\/a><\/p>\n\n\n\n<h3 class=\"wp-block-heading has-text-align-center has-large-font-size\"><strong>Dossier Mineurs en Migration<\/strong><\/h3>\n\n\n\n<p class=\"has-normal-font-size\"><a href=\"https:\/\/o-m-m.org\/wp-content\/uploads\/2021\/06\/Gernet-JMM-1.pdf\"><strong>Passions ordinaires des jeunes mineurs isol\u00e9s \u00e9trangers&nbsp;: l\u2019exemple de la pratique sportive comme processus de transformation identitaire<\/strong><\/a> <strong><em>&#8211; St\u00e9phanie Gernet<\/em><\/strong><\/p>\n\n\n\n<p class=\"has-normal-font-size\"><strong><a href=\"https:\/\/o-m-m.org\/wp-content\/uploads\/2021\/06\/Pastoor-JMM-1.pdf\" target=\"_blank\" rel=\"noopener\">Unaccompanied young refugees- from uprooting to resettlement in Norway. The crucial role of schools in enhancing well-being, adaptation and integration<\/a><\/strong> &#8211; <strong><em>Lutine Wal Pastoor<\/em><\/strong><em><br><\/em><\/p>\n\n\n\n<p class=\"has-normal-font-size\"><a href=\"https:\/\/o-m-m.org\/wp-content\/uploads\/2021\/06\/Valette-JMM-1.pdf\"><strong>La jurisprudence de la Cour europ\u00e9enne des Droits de l\u2019Homme relative aux mineurs \u00e9trangers isol\u00e9s &#8211; Premier bilan<\/strong><\/a> <strong><em>&#8211; Marie Fran\u00e7oise Valette<\/em><\/strong><\/p>\n\n\n\n<figure class=\"wp-block-image is-resized\"><img decoding=\"async\" src=\"https:\/\/o-m-m.org\/wp-content\/uploads\/2021\/05\/3-1024x947.jpg\" alt=\"\" style=\"width:262px;height:auto\"\/><\/figure>\n\n\n\n<p style=\"font-size:20px\"><strong><a href=\"https:\/\/o-m-m.org\/wp-content\/uploads\/2021\/06\/Abdoulaye-JMM-1.pdf\" target=\"_blank\" rel=\"noopener\">Abdoulaye<\/a><\/strong><\/p>\n\n\n\n<figure class=\"wp-block-image size-full is-resized\"><img loading=\"lazy\" decoding=\"async\" width=\"718\" height=\"776\" src=\"https:\/\/o-m-m.org\/wp-content\/uploads\/2021\/06\/Dossier-Varia.jpg\" alt=\"\" class=\"wp-image-1161\" style=\"width:224px;height:auto\" srcset=\"https:\/\/o-m-m.org\/wp-content\/uploads\/2021\/06\/Dossier-Varia.jpg 718w, https:\/\/o-m-m.org\/wp-content\/uploads\/2021\/06\/Dossier-Varia-278x300.jpg 278w, https:\/\/o-m-m.org\/wp-content\/uploads\/2021\/06\/Dossier-Varia-324x350.jpg 324w\" sizes=\"auto, (max-width: 718px) 100vw, 718px\" \/><\/figure>\n\n\n\n<p class=\"has-normal-font-size\"><a href=\"https:\/\/o-m-m.org\/wp-content\/uploads\/2021\/06\/Bailleul-JMM-1.pdf\"><strong>Prot\u00e9ger les jeunes isol\u00e9s \u00e9trangers en situation de transit. Retour d\u2019une enqu\u00eate de terrain dans le Calaisais<\/strong><\/a> <strong><em>&#8211; Corentin Bailleul<\/em><\/strong><\/p>\n\n\n\n<div class=\"wp-block-group\"><div class=\"wp-block-group__inner-container is-layout-constrained wp-block-group-is-layout-constrained\">\n<p class=\"has-normal-font-size\"><strong><a href=\"https:\/\/o-m-m.org\/wp-content\/uploads\/2021\/06\/Uzureau-JMM-1.pdf\" target=\"_blank\" rel=\"noopener\"><b>Note de lecture&nbsp;: Kumin (2014), The heart of the matter&nbsp;: Assesing credibility when children apply for asylum in the EU<\/b><\/a><\/strong> <strong><em>&#8211; Oc\u00e9ane Uzureau<\/em><\/strong><\/p>\n<\/div><\/div>\n\n\n\n<figure class=\"wp-block-image size-full is-resized\"><img loading=\"lazy\" decoding=\"async\" width=\"666\" height=\"493\" src=\"https:\/\/o-m-m.org\/wp-content\/uploads\/2026\/01\/PJ3-1.png\" alt=\"\" class=\"wp-image-2471\" style=\"width:266px;height:auto\" srcset=\"https:\/\/o-m-m.org\/wp-content\/uploads\/2026\/01\/PJ3-1.png 666w, https:\/\/o-m-m.org\/wp-content\/uploads\/2026\/01\/PJ3-1-300x222.png 300w, https:\/\/o-m-m.org\/wp-content\/uploads\/2026\/01\/PJ3-1-458x339.png 458w\" sizes=\"auto, (max-width: 666px) 100vw, 666px\" \/><\/figure>\n\n\n\n<p style=\"font-size:20px\"><strong><a href=\"https:\/\/o-m-m.org\/wp-content\/uploads\/2021\/06\/Ibrahima-JMM-1.pdf\" target=\"_blank\" rel=\"noopener\">Ibrahima<\/a><\/strong><\/p>\n\n\n\n<figure class=\"wp-block-image size-large is-resized\"><img loading=\"lazy\" decoding=\"async\" width=\"1024\" height=\"968\" src=\"https:\/\/o-m-m.org\/wp-content\/uploads\/2021\/03\/Rubrique-dialogue-1024x968.png\" alt=\"\" class=\"wp-image-2621\" style=\"width:248px;height:auto\" srcset=\"https:\/\/o-m-m.org\/wp-content\/uploads\/2021\/03\/Rubrique-dialogue-1024x968.png 1024w, https:\/\/o-m-m.org\/wp-content\/uploads\/2021\/03\/Rubrique-dialogue-300x284.png 300w, https:\/\/o-m-m.org\/wp-content\/uploads\/2021\/03\/Rubrique-dialogue-768x726.png 768w, https:\/\/o-m-m.org\/wp-content\/uploads\/2021\/03\/Rubrique-dialogue-370x350.png 370w, https:\/\/o-m-m.org\/wp-content\/uploads\/2021\/03\/Rubrique-dialogue.png 1299w\" sizes=\"auto, (max-width: 1024px) 100vw, 1024px\" \/><\/figure>\n\n\n\n<p style=\"font-size:19px\"><a href=\"https:\/\/o-m-m.org\/wp-content\/uploads\/2021\/06\/Dialogue-JMM-1.pdf\" target=\"_blank\" rel=\"noreferrer noopener\"><strong>Dialogue<\/strong><\/a> &#8211; avec Ali Rahimy, C\u00e9cile Ghymers, Nelly Robin et Nils Tavernier<\/p>\n\n\n\n<figure class=\"wp-block-image is-resized\"><img decoding=\"async\" src=\"https:\/\/o-m-m.org\/wp-content\/uploads\/2021\/05\/1-1024x848.jpg\" alt=\"\" style=\"width:244px;height:auto\"\/><\/figure>\n\n\n\n<p><\/p>\n\n\n\n<p><a href=\"https:\/\/o-m-m.org\/wp-content\/uploads\/2021\/06\/Vu-entendu-lu-JMM1.pdf\" target=\"_blank\" rel=\"noopener\"><strong>Spartacus et Cassandra (Vu)<\/strong><\/a><\/p>\n\n\n\n<p><a href=\"_wp_link_placeholder\"><strong>Sur les docks- la pr\u00e9somption de minorit\u00e9 (Entendu)&nbsp;<\/strong><\/a><\/p>\n\n\n\n<p><a href=\"_wp_link_placeholder\"><strong>De Kaboul \u00e0 Calais&nbsp;: l\u2019incroyable p\u00e9riple d\u2019un jeune afghan (Lu)<\/strong><\/a><\/p>\n\n\n\n<p><\/p>\n","protected":false},"excerpt":{"rendered":"<p>Jeunes et Mineurs en Mobilit\u00e9 n\u00b0 1 &#8211; 2015 Mineurs en migration &#8211; Retour sur le s\u00e9minaire du 21 octobre 2014 Coordonn\u00e9 par Lucie Bacon, Corentin Bailleul, Julie Lemoux et Daniel Senovilla Hern\u00e1ndez Sommaire \u00c9ditorial &#8211; Daniel Senovilla Hern\u00e1ndez Mamadou Dossier Mineurs en Migration Passions ordinaires des jeunes mineurs isol\u00e9s &hellip;<\/p>\n","protected":false},"author":2,"featured_media":0,"comment_status":"closed","ping_status":"open","sticky":false,"template":"","format":"aside","meta":{"footnotes":""},"categories":[15],"tags":[],"class_list":["post-1191","post","type-post","status-publish","format-aside","hentry","category-jmm","post_format-post-format-aside"],"_links":{"self":[{"href":"https:\/\/o-m-m.org\/index.php\/wp-json\/wp\/v2\/posts\/1191","targetHints":{"allow":["GET"]}}],"collection":[{"href":"https:\/\/o-m-m.org\/index.php\/wp-json\/wp\/v2\/posts"}],"about":[{"href":"https:\/\/o-m-m.org\/index.php\/wp-json\/wp\/v2\/types\/post"}],"author":[{"embeddable":true,"href":"https:\/\/o-m-m.org\/index.php\/wp-json\/wp\/v2\/users\/2"}],"replies":[{"embeddable":true,"href":"https:\/\/o-m-m.org\/index.php\/wp-json\/wp\/v2\/comments?post=1191"}],"version-history":[{"count":27,"href":"https:\/\/o-m-m.org\/index.php\/wp-json\/wp\/v2\/posts\/1191\/revisions"}],"predecessor-version":[{"id":2659,"href":"https:\/\/o-m-m.org\/index.php\/wp-json\/wp\/v2\/posts\/1191\/revisions\/2659"}],"wp:attachment":[{"href":"https:\/\/o-m-m.org\/index.php\/wp-json\/wp\/v2\/media?parent=1191"}],"wp:term":[{"taxonomy":"category","embeddable":true,"href":"https:\/\/o-m-m.org\/index.php\/wp-json\/wp\/v2\/categories?post=1191"},{"taxonomy":"post_tag","embeddable":true,"href":"https:\/\/o-m-m.org\/index.php\/wp-json\/wp\/v2\/tags?post=1191"}],"curies":[{"name":"wp","href":"https:\/\/api.w.org\/{rel}","templated":true}]}}