{"id":1088,"date":"2021-03-25T14:21:53","date_gmt":"2021-03-25T13:21:53","guid":{"rendered":"http:\/\/o-m-m.org\/?p=1088"},"modified":"2026-02-01T18:56:18","modified_gmt":"2026-02-01T17:56:18","slug":"jmm-n5-2020","status":"publish","type":"post","link":"https:\/\/o-m-m.org\/index.php\/2021\/03\/25\/jmm-n5-2020\/","title":{"rendered":"JMM n\u00b05 &#8211; 2020"},"content":{"rendered":"\n<h4 class=\"wp-block-heading\">Jeunes et Mineurs en Mobilit\u00e9 n\u00b0 5<\/h4>\n\n\n\n<h4 class=\"wp-block-heading\">Paroles de Jeunes<\/h4>\n\n\n\n<p style=\"font-size:22px\"><strong>Coordonn\u00e9 par Daniel Senovilla Hern\u00e1ndez et Cl\u00e9o Marmi\u00e9<\/strong><\/p>\n\n\n\n<div class=\"wp-block-buttons is-layout-flex wp-block-buttons-is-layout-flex\">\n<div class=\"wp-block-button\"><a class=\"wp-block-button__link has-accent-1-background-color has-background wp-element-button\" href=\"https:\/\/o-m-m.org\/wp-content\/uploads\/2021\/03\/JMM5.pdf\">Lire le num\u00e9ro en entier<\/a><\/div>\n<\/div>\n\n\n\n<p class=\"has-large-font-size\" style=\"font-size:14px\"><a href=\"https:\/\/o-m-m.org\/wp-content\/uploads\/2021\/05\/Sommaire-JMM5.pdf\" target=\"_blank\" rel=\"noreferrer noopener\"><strong>Sommaire<\/strong><\/a><\/p>\n\n\n\n<figure class=\"wp-block-image size-full is-resized\"><img loading=\"lazy\" decoding=\"async\" width=\"827\" height=\"889\" src=\"https:\/\/o-m-m.org\/wp-content\/uploads\/2021\/05\/couverture-JMM5.jpg\" alt=\"\" class=\"wp-image-1090\" style=\"width:401px;height:auto\" srcset=\"https:\/\/o-m-m.org\/wp-content\/uploads\/2021\/05\/couverture-JMM5.jpg 827w, https:\/\/o-m-m.org\/wp-content\/uploads\/2021\/05\/couverture-JMM5-279x300.jpg 279w, https:\/\/o-m-m.org\/wp-content\/uploads\/2021\/05\/couverture-JMM5-768x826.jpg 768w, https:\/\/o-m-m.org\/wp-content\/uploads\/2021\/05\/couverture-JMM5-326x350.jpg 326w\" sizes=\"auto, (max-width: 827px) 100vw, 827px\" \/><\/figure>\n\n\n\n<p><a href=\"https:\/\/o-m-m.org\/wp-content\/uploads\/2021\/05\/Senovilla-Marmie\u0301-JMM5.pdf\" target=\"_blank\" rel=\"noopener\"><strong>Donner la parole aux jeunes et mineurs en migration&nbsp;: (r\u00e9)concilier engagement \u00e9thique et efficacit\u00e9 scientifique<\/strong><\/a><span style=\"font-size: 1.25em;\"> <\/span>&#8211; <em><strong>Daniel Senovilla Hern\u00e1ndez et Cl\u00e9o Marmi\u00e9<\/strong><\/em><\/p>\n\n\n\n<figure class=\"wp-block-image is-resized\"><img decoding=\"async\" src=\"https:\/\/o-m-m.org\/wp-content\/uploads\/2021\/05\/2-1024x913.jpg\" alt=\"\" style=\"width:239px;height:auto\"\/><\/figure>\n\n\n\n<p><strong><a href=\"https:\/\/o-m-m.org\/wp-content\/uploads\/2021\/05\/Alseny-JMM5.pdf\" target=\"_blank\" rel=\"noopener\">En primera persona \/ A la premi\u00e8re personne<\/a><\/strong> <em><strong>&#8211; Alseny Diallo<\/strong><\/em><\/p>\n\n\n\n<p><strong><a href=\"https:\/\/o-m-m.org\/wp-content\/uploads\/2021\/05\/Ngatcheu-JMM5.pdf\" target=\"_blank\" rel=\"noopener\">Nous pouvons<\/a><\/strong> <strong><em>&#8211; Stephen Ngatcheu<\/em><\/strong><em><br><br><\/em><strong><a href=\"https:\/\/o-m-m.org\/wp-content\/uploads\/2021\/05\/Traore\u0301-JMM5.pdf\" target=\"_blank\" rel=\"noopener\">Un sue\u00f1o (casi) hecho realidad \/ Un r\u00eave (presque) devenu r\u00e9alit\u00e9<\/a><\/strong> <strong><em>&#8211; Ousmani Traor\u00e9<\/em><\/strong><\/p>\n\n\n\n<p><strong><a href=\"https:\/\/o-m-m.org\/wp-content\/uploads\/2021\/05\/Freitas-JMM5.pdf\" target=\"_blank\" rel=\"noopener\">Appel \u00e0 la Solidarit\u00e9, \u00e0 l\u2019Amour et \u00e0 la Fraternit\u00e9<\/a><\/strong> <strong><em>&#8211; Patricio B. Freitas<\/em><\/strong><\/p>\n\n\n\n<p><strong><a href=\"https:\/\/o-m-m.org\/wp-content\/uploads\/2021\/05\/Bah-JMM5.pdf\" target=\"_blank\" rel=\"noopener\">Imaginez<\/a><\/strong> <strong><em>&#8211; Petit Bah<\/em><\/strong><em><br><br><\/em><strong><a href=\"https:\/\/o-m-m.org\/wp-content\/uploads\/2021\/05\/Luciano-JMM5.pdf\" target=\"_blank\" rel=\"noopener\">\u00ab&nbsp;Balago Azur&nbsp;\u00bb<\/a><\/strong> <strong><em>&#8211; Luciano Tanger 9971<\/em><\/strong><\/p>\n\n\n\n<p class=\"has-normal-font-size\"><a href=\"https:\/\/o-m-m.org\/wp-content\/uploads\/2021\/05\/Marmie\u0301-JMM5.pdf\" target=\"_blank\" rel=\"noopener\"><strong>Boza&nbsp;! Mettre en r\u00e9cit les migrations juv\u00e9niles&nbsp;: du roman&nbsp;aux sciences sociales<\/strong><\/a> <strong><em>&#8211; Cl\u00e9o Marmi\u00e9<\/em><\/strong><\/p>\n\n\n\n<figure class=\"wp-block-image is-resized\"><img decoding=\"async\" src=\"https:\/\/o-m-m.org\/wp-content\/uploads\/2021\/05\/3-1024x947.jpg\" alt=\"\" style=\"width:239px;height:auto\"\/><\/figure>\n\n\n\n<p><strong><a href=\"https:\/\/o-m-m.org\/wp-content\/uploads\/2021\/05\/C.-JMM5.pdf\" target=\"_blank\" rel=\"noopener\">Bienvenue en France<\/a> <em>&#8211; C.<\/em><\/strong><\/p>\n\n\n\n<p><a href=\"https:\/\/o-m-m.org\/wp-content\/uploads\/2021\/05\/Hamid-Gimeno-JMM5.pdf\" target=\"_blank\" rel=\"noopener\"><strong>La historia de Hamid \/ L\u2019histoire de Hamid<\/strong><\/a> &#8211; Contexto espa\u00f1ol de acogida de los menores no acompa\u00f1ados \/ Contexte espagnol d\u2019accueil des mineurs non accompagn\u00e9s &#8211; <em><strong>Hamid &amp; Chabier Gimeno Monterde<\/strong><\/em><\/p>\n\n\n\n<p><a href=\"https:\/\/o-m-m.org\/wp-content\/uploads\/2021\/05\/Diallo-JMM5.pdf\" target=\"_blank\" rel=\"noopener\"><strong><b>Hablando de&nbsp;inmigraci\u00f3n e igualdad<\/b><\/strong><\/a> <strong><em>&#8211; Thierno Habib Diallo<\/em><\/strong><\/p>\n\n\n\n<p><a href=\"https:\/\/o-m-m.org\/wp-content\/uploads\/2021\/05\/Alseny-2-JMM5.pdf\" target=\"_blank\" rel=\"noreferrer noopener\"><strong>As\u00ed sigue tratando Europa a los africanos<\/strong><\/a><strong><em> <\/em><\/strong><strong><em>&#8211; Alseny Diallo<\/em><\/strong><\/p>\n\n\n\n<p><a href=\"https:\/\/o-m-m.org\/wp-content\/uploads\/2021\/05\/Camara-Akeso.pdf\" target=\"_blank\" rel=\"noopener\"><strong>Hommage \u00e0 Ba Maliba<\/strong><\/a> <strong><em>&#8211; Sid Camara, l&rsquo;enfant noir<\/em><\/strong><\/p>\n\n\n\n<p><a href=\"https:\/\/o-m-m.org\/wp-content\/uploads\/2021\/05\/Fadiga-JMM5.pdf\" target=\"_blank\" rel=\"noreferrer noopener\"><strong>\u00c0 ma Maman&nbsp;: Djenaba Camara &amp; Bledard Blind\u00e9<\/strong><\/a> <strong><em>&#8211; Mouhammed Fadiga<\/em><\/strong><\/p>\n\n\n\n<figure class=\"wp-block-image is-resized\"><img decoding=\"async\" src=\"https:\/\/o-m-m.org\/wp-content\/uploads\/2021\/05\/1-1024x848.jpg\" alt=\"\" style=\"width:251px;height:auto\"\/><\/figure>\n\n\n\n<p><strong><a href=\"https:\/\/o-m-m.org\/wp-content\/uploads\/2021\/05\/Vu-JMM5.pdf\" target=\"_blank\" rel=\"noopener\"><b>\u00ab&nbsp;La vida del inmigrante&nbsp;\u00bb&nbsp;: un court-m\u00e9trage coup de poing au c\u0153ur des migrations juv\u00e9niles<\/b><\/a> <\/strong><\/p>\n\n\n\n<p><\/p>\n","protected":false},"excerpt":{"rendered":"<p>Jeunes et Mineurs en Mobilit\u00e9 n\u00b0 5 Paroles de Jeunes Coordonn\u00e9 par Daniel Senovilla Hern\u00e1ndez et Cl\u00e9o Marmi\u00e9 Sommaire Donner la parole aux jeunes et mineurs en migration&nbsp;: (r\u00e9)concilier engagement \u00e9thique et efficacit\u00e9 scientifique &#8211; Daniel Senovilla Hern\u00e1ndez et Cl\u00e9o Marmi\u00e9 En primera persona \/ A la premi\u00e8re personne &#8211; &hellip;<\/p>\n","protected":false},"author":2,"featured_media":0,"comment_status":"closed","ping_status":"closed","sticky":false,"template":"","format":"aside","meta":{"footnotes":""},"categories":[15],"tags":[18],"class_list":["post-1088","post","type-post","status-publish","format-aside","hentry","category-jmm","tag-ne-pas-modifier","post_format-post-format-aside"],"_links":{"self":[{"href":"https:\/\/o-m-m.org\/index.php\/wp-json\/wp\/v2\/posts\/1088","targetHints":{"allow":["GET"]}}],"collection":[{"href":"https:\/\/o-m-m.org\/index.php\/wp-json\/wp\/v2\/posts"}],"about":[{"href":"https:\/\/o-m-m.org\/index.php\/wp-json\/wp\/v2\/types\/post"}],"author":[{"embeddable":true,"href":"https:\/\/o-m-m.org\/index.php\/wp-json\/wp\/v2\/users\/2"}],"replies":[{"embeddable":true,"href":"https:\/\/o-m-m.org\/index.php\/wp-json\/wp\/v2\/comments?post=1088"}],"version-history":[{"count":25,"href":"https:\/\/o-m-m.org\/index.php\/wp-json\/wp\/v2\/posts\/1088\/revisions"}],"predecessor-version":[{"id":2674,"href":"https:\/\/o-m-m.org\/index.php\/wp-json\/wp\/v2\/posts\/1088\/revisions\/2674"}],"wp:attachment":[{"href":"https:\/\/o-m-m.org\/index.php\/wp-json\/wp\/v2\/media?parent=1088"}],"wp:term":[{"taxonomy":"category","embeddable":true,"href":"https:\/\/o-m-m.org\/index.php\/wp-json\/wp\/v2\/categories?post=1088"},{"taxonomy":"post_tag","embeddable":true,"href":"https:\/\/o-m-m.org\/index.php\/wp-json\/wp\/v2\/tags?post=1088"}],"curies":[{"name":"wp","href":"https:\/\/api.w.org\/{rel}","templated":true}]}}